{"id":61,"date":"2024-06-05T18:33:26","date_gmt":"2024-06-05T18:33:26","guid":{"rendered":"https:\/\/eqtas-e.xyz\/?p=61"},"modified":"2024-11-07T18:34:36","modified_gmt":"2024-11-07T18:34:36","slug":"approche-globale-de-la-sante-familiale","status":"publish","type":"post","link":"https:\/\/eqtas-e.xyz\/index.php\/2024\/06\/05\/approche-globale-de-la-sante-familiale\/","title":{"rendered":"Approche Globale de la Sant\u00e9 Familiale"},"content":{"rendered":"\n<p><strong>Date<\/strong> : 20 f\u00e9vrier 2025, de 14h00 \u00e0 17h00<br><strong>Lieu<\/strong> : Locaux de <strong>EQTAS.E<\/strong>, 70 Chemin des Poulains, 37530 Nazelles-N\u00e9gron<br><strong>Description<\/strong> :<br>Ce s\u00e9minaire gratuit propose aux familles des solutions concr\u00e8tes pour adopter une approche plus globale et pr\u00e9ventive de leur sant\u00e9. Il est destin\u00e9 \u00e0 tous les parents, gardiens ou tuteurs qui souhaitent comprendre comment am\u00e9liorer la sant\u00e9 de toute la famille en prenant en compte l&#8217;environnement familial, social et les habitudes de vie.<\/p>\n\n\n\n<p>Le programme du s\u00e9minaire comprendra des pr\u00e9sentations sur la nutrition familiale, l\u2019importance du sommeil pour les enfants et les adultes, ainsi que des conseils pratiques pour g\u00e9rer le stress familial. Les intervenants, sp\u00e9cialis\u00e9s en sant\u00e9 familiale, partageront des strat\u00e9gies pour instaurer une routine \u00e9quilibr\u00e9e au sein du foyer, en mettant l\u2019accent sur l\u2019activit\u00e9 physique, les repas \u00e9quilibr\u00e9s et la gestion des \u00e9motions.<\/p>\n\n\n\n<p>Une partie du s\u00e9minaire sera d\u00e9di\u00e9e \u00e0 des jeux interactifs et des simulations de gestion de situations stressantes au sein de la famille. Les participants apprendront comment mieux communiquer en famille, renforcer les liens et promouvoir un environnement plus serein et propice \u00e0 la sant\u00e9 globale.<\/p>\n\n\n\n<p>Les familles repartiront avec des outils pratiques, des feuilles de suivi, et des conseils sur la mani\u00e8re de poursuivre l\u2019application de ces recommandations dans la vie de tous les jours.<\/p>\n","protected":false},"excerpt":{"rendered":"<p>Date : 20 f\u00e9vrier 2025, de 14h00 \u00e0 17h00Lieu : Locaux de EQTAS.E, 70 Chemin des Poulains, 37530 Nazelles-N\u00e9gronDescription :Ce s\u00e9minaire gratuit propose aux familles des solutions concr\u00e8tes pour adopter une approche plus globale et pr\u00e9ventive de leur sant\u00e9. Il est destin\u00e9 \u00e0 tous les parents, gardiens ou tuteurs qui souhaitent comprendre comment am\u00e9liorer la [&hellip;]<\/p>\n","protected":false},"author":1,"featured_media":0,"comment_status":"open","ping_status":"open","sticky":false,"template":"","format":"standard","meta":{"saved_in_kubio":false,"footnotes":""},"categories":[8],"tags":[],"class_list":["post-61","post","type-post","status-publish","format-standard","hentry","category-rencontre"],"_links":{"self":[{"href":"https:\/\/eqtas-e.xyz\/index.php\/wp-json\/wp\/v2\/posts\/61","targetHints":{"allow":["GET"]}}],"collection":[{"href":"https:\/\/eqtas-e.xyz\/index.php\/wp-json\/wp\/v2\/posts"}],"about":[{"href":"https:\/\/eqtas-e.xyz\/index.php\/wp-json\/wp\/v2\/types\/post"}],"author":[{"embeddable":true,"href":"https:\/\/eqtas-e.xyz\/index.php\/wp-json\/wp\/v2\/users\/1"}],"replies":[{"embeddable":true,"href":"https:\/\/eqtas-e.xyz\/index.php\/wp-json\/wp\/v2\/comments?post=61"}],"version-history":[{"count":1,"href":"https:\/\/eqtas-e.xyz\/index.php\/wp-json\/wp\/v2\/posts\/61\/revisions"}],"predecessor-version":[{"id":66,"href":"https:\/\/eqtas-e.xyz\/index.php\/wp-json\/wp\/v2\/posts\/61\/revisions\/66"}],"wp:attachment":[{"href":"https:\/\/eqtas-e.xyz\/index.php\/wp-json\/wp\/v2\/media?parent=61"}],"wp:term":[{"taxonomy":"category","embeddable":true,"href":"https:\/\/eqtas-e.xyz\/index.php\/wp-json\/wp\/v2\/categories?post=61"},{"taxonomy":"post_tag","embeddable":true,"href":"https:\/\/eqtas-e.xyz\/index.php\/wp-json\/wp\/v2\/tags?post=61"}],"curies":[{"name":"wp","href":"https:\/\/api.w.org\/{rel}","templated":true}]}}